{"id":421,"date":"2019-04-17T05:20:46","date_gmt":"2019-04-17T03:20:46","guid":{"rendered":"https:\/\/dr-holger-hein.de\/reloaded\/2019\/04\/17\/welchen-einfluss-hat-uebergewicht-auf-die-entwicklung-einer-schlafapnoe-abhaengig-von-der-herkunft\/"},"modified":"2019-04-17T05:20:46","modified_gmt":"2019-04-17T03:20:46","slug":"welchen-einfluss-hat-uebergewicht-auf-die-entwicklung-einer-schlafapnoe-abhaengig-von-der-herkunft","status":"publish","type":"post","link":"https:\/\/dr-holger-hein.de\/reloaded\/2019\/04\/17\/welchen-einfluss-hat-uebergewicht-auf-die-entwicklung-einer-schlafapnoe-abhaengig-von-der-herkunft\/","title":{"rendered":"Welchen Einflu\u00c3\u0178 hat \u00c3\u0153bergewicht auf die Entwicklung einer Schlafapnoe, abh\u00c3\u00a4ngig von der Herkunft?"},"content":{"rendered":"<p>Der Einflu\u00c3\u0178 von \u00c3\u0153bergewicht auf die Entstehung einer Schlafapnoe h\u00c3\u00a4ngt auch von genetischen Faktoren ab.Es wurden die Daten von 1585 Personen verschiedener Ethnien untersucht: 60,6% Kaukasier, 17,5% afrikanische Amerikaner, 13,1% Asiaten und 8,9% S\u00c3\u00bcdamerikaner. Bei den S\u00c3\u00bcdamerikanern hatte der Body-Mass-Index einen deutlich h\u00c3\u00b6heren Einflu\u00c3\u0178 auf die Entwicklung einer Schlafapnoe: ein Anstieg des BMI um 1 kg\/mxm bedeutete ein 7,8% erh\u00c3\u00b6htes Risiko (ausgepr\u00c3\u00a4gter bei M\u00c3\u00a4nnern), w\u00c3\u00a4hrend bei den afrikanischen Amerikanern das Risiko nur 1,9% betrug. (Sutherland K, Keenan BT, Bittencourt L, Chen NH, Gislason T, Leinwand S, Magalang UJ, Maislin G, Mazzotti DR, McArdle N, Mindel J, Pack AI, Penzel T, Singh B, Tufik S, Schwab RJ, Cistulli PA; for the SAGIC Investigators. A global comparison of anatomic risk factors and their relationship to obstructive sleep apnea severity in clinical samples. J Clin Sleep Med. 2019;15:629\u00e2\u20ac\u201c639)<\/p>\n","protected":false},"excerpt":{"rendered":"<p>Der Einflu\u00c3\u0178 von \u00c3\u0153bergewicht auf die Entstehung einer Schlafapnoe h\u00c3\u00a4ngt auch von genetischen Faktoren ab.Es wurden die Daten von 1585 Personen verschiedener Ethnien untersucht: 60,6% Kaukasier, 17,5% afrikanische Amerikaner, 13,1% Asiaten und 8,9% S\u00c3\u00bcdamerikaner. Bei den S\u00c3\u00bcdamerikanern hatte der Body-Mass-Index einen deutlich h\u00c3\u00b6heren Einflu\u00c3\u0178 auf die Entwicklung einer Schlafapnoe: ein Anstieg des BMI um 1 [&hellip;]<\/p>\n","protected":false},"author":2,"featured_media":0,"comment_status":"open","ping_status":"open","sticky":false,"template":"","format":"standard","meta":{"_uag_custom_page_level_css":"","site-sidebar-layout":"default","site-content-layout":"","ast-site-content-layout":"default","site-content-style":"default","site-sidebar-style":"default","ast-global-header-display":"","ast-banner-title-visibility":"","ast-main-header-display":"","ast-hfb-above-header-display":"","ast-hfb-below-header-display":"","ast-hfb-mobile-header-display":"","site-post-title":"","ast-breadcrumbs-content":"","ast-featured-img":"","footer-sml-layout":"","ast-disable-related-posts":"","theme-transparent-header-meta":"","adv-header-id-meta":"","stick-header-meta":"","header-above-stick-meta":"","header-main-stick-meta":"","header-below-stick-meta":"","astra-migrate-meta-layouts":"default","ast-page-background-enabled":"default","ast-page-background-meta":{"desktop":{"background-color":"","background-image":"","background-repeat":"repeat","background-position":"center center","background-size":"auto","background-attachment":"scroll","background-type":"","background-media":"","overlay-type":"","overlay-color":"","overlay-opacity":"","overlay-gradient":""},"tablet":{"background-color":"","background-image":"","background-repeat":"repeat","background-position":"center center","background-size":"auto","background-attachment":"scroll","background-type":"","background-media":"","overlay-type":"","overlay-color":"","overlay-opacity":"","overlay-gradient":""},"mobile":{"background-color":"","background-image":"","background-repeat":"repeat","background-position":"center center","background-size":"auto","background-attachment":"scroll","background-type":"","background-media":"","overlay-type":"","overlay-color":"","overlay-opacity":"","overlay-gradient":""}},"ast-content-background-meta":{"desktop":{"background-color":"var(--ast-global-color-5)","background-image":"","background-repeat":"repeat","background-position":"center center","background-size":"auto","background-attachment":"scroll","background-type":"","background-media":"","overlay-type":"","overlay-color":"","overlay-opacity":"","overlay-gradient":""},"tablet":{"background-color":"var(--ast-global-color-5)","background-image":"","background-repeat":"repeat","background-position":"center center","background-size":"auto","background-attachment":"scroll","background-type":"","background-media":"","overlay-type":"","overlay-color":"","overlay-opacity":"","overlay-gradient":""},"mobile":{"background-color":"var(--ast-global-color-5)","background-image":"","background-repeat":"repeat","background-position":"center center","background-size":"auto","background-attachment":"scroll","background-type":"","background-media":"","overlay-type":"","overlay-color":"","overlay-opacity":"","overlay-gradient":""}},"footnotes":""},"categories":[1],"tags":[],"class_list":["post-421","post","type-post","status-publish","format-standard","hentry","category-allgemein"],"uagb_featured_image_src":{"full":false,"thumbnail":false,"medium":false,"medium_large":false,"large":false,"1536x1536":false,"2048x2048":false},"uagb_author_info":{"display_name":"hein","author_link":"https:\/\/dr-holger-hein.de\/reloaded\/author\/hein\/"},"uagb_comment_info":0,"uagb_excerpt":"Der Einflu\u00c3\u0178 von \u00c3\u0153bergewicht auf die Entstehung einer Schlafapnoe h\u00c3\u00a4ngt auch von genetischen Faktoren ab.Es wurden die Daten von 1585 Personen verschiedener Ethnien untersucht: 60,6% Kaukasier, 17,5% afrikanische Amerikaner, 13,1% Asiaten und 8,9% S\u00c3\u00bcdamerikaner. Bei den S\u00c3\u00bcdamerikanern hatte der Body-Mass-Index einen deutlich h\u00c3\u00b6heren Einflu\u00c3\u0178 auf die Entwicklung einer Schlafapnoe: ein Anstieg des BMI um 1&hellip;","_links":{"self":[{"href":"https:\/\/dr-holger-hein.de\/reloaded\/wp-json\/wp\/v2\/posts\/421","targetHints":{"allow":["GET"]}}],"collection":[{"href":"https:\/\/dr-holger-hein.de\/reloaded\/wp-json\/wp\/v2\/posts"}],"about":[{"href":"https:\/\/dr-holger-hein.de\/reloaded\/wp-json\/wp\/v2\/types\/post"}],"author":[{"embeddable":true,"href":"https:\/\/dr-holger-hein.de\/reloaded\/wp-json\/wp\/v2\/users\/2"}],"replies":[{"embeddable":true,"href":"https:\/\/dr-holger-hein.de\/reloaded\/wp-json\/wp\/v2\/comments?post=421"}],"version-history":[{"count":0,"href":"https:\/\/dr-holger-hein.de\/reloaded\/wp-json\/wp\/v2\/posts\/421\/revisions"}],"wp:attachment":[{"href":"https:\/\/dr-holger-hein.de\/reloaded\/wp-json\/wp\/v2\/media?parent=421"}],"wp:term":[{"taxonomy":"category","embeddable":true,"href":"https:\/\/dr-holger-hein.de\/reloaded\/wp-json\/wp\/v2\/categories?post=421"},{"taxonomy":"post_tag","embeddable":true,"href":"https:\/\/dr-holger-hein.de\/reloaded\/wp-json\/wp\/v2\/tags?post=421"}],"curies":[{"name":"wp","href":"https:\/\/api.w.org\/{rel}","templated":true}]}}